{"id":5,"name":"Jan M\u00fcller","url":"https:\/\/nexoma.de\/","description":"Jan M\u00fcller ist Marketing Manager bei der nexoma GmbH im sauerl\u00e4ndischen Arnsberg. Als ausgebildeter E-Commerce-Kaufmann verf\u00fcgt er \u00fcber umfassende Kenntnisse im Bereich Produktdaten. In seiner Rolle als Partnermanager sorgt er f\u00fcr eine reibungslose Zusammenarbeit zwischen nexoma und seinen Partnern. Dar\u00fcber hinaus schreibt er regelm\u00e4\u00dfig Erkl\u00e4rtexte zu Datenstandards und weiteren Themen des Produktdatenmanagements f\u00fcr die nexoma-Website.","link":"https:\/\/windmuehlenbauer.com\/en\/author\/jan-mueller\/","slug":"jan-mueller","meta":[],"yoast_head":"<!-- This site is optimized with the Yoast SEO plugin v27.5 - https:\/\/yoast.com\/product\/yoast-seo-wordpress\/ -->\n<title>Jan M\u00fcller, Autor im WMB-Magazin<\/title>\n<meta name=\"description\" content=\"Impulse f\u00fcr werteorientierte und digitale Unternehmensentwicklung teilen, um etablierten Unternehmen beim Weg durch den digitalen Wandel zu helfen.\" \/>\n<meta name=\"robots\" content=\"index, follow, max-snippet:-1, max-image-preview:large, max-video-preview:-1\" \/>\n<link rel=\"canonical\" href=\"https:\/\/windmuehlenbauer.com\/en\/author\/jan-mueller\/\" \/>\n<meta property=\"og:locale\" content=\"en_US\" \/>\n<meta property=\"og:type\" content=\"profile\" \/>\n<meta property=\"og:title\" content=\"Jan M\u00fcller, Autor im WMB-Magazin\" \/>\n<meta property=\"og:description\" content=\"Impulse f\u00fcr werteorientierte und digitale Unternehmensentwicklung teilen, um etablierten Unternehmen beim Weg durch den digitalen Wandel zu helfen.\" \/>\n<meta property=\"og:url\" content=\"https:\/\/windmuehlenbauer.com\/author\/jan-mueller\/\" \/>\n<meta property=\"og:site_name\" content=\"WMB-Magazin\" \/>\n<meta property=\"og:image\" content=\"https:\/\/secure.gravatar.com\/avatar\/3adf47b1dc0cc56a928c9b1c8fe4375d61afff18bf61ba5f2eb79cec8fedf86e?s=500&d=mm&r=g\" \/>\n<script type=\"application\/ld+json\" class=\"yoast-schema-graph\">{\"@context\":\"https:\\\/\\\/schema.org\",\"@graph\":[{\"@type\":\"ProfilePage\",\"@id\":\"https:\\\/\\\/windmuehlenbauer.com\\\/author\\\/jan-mueller\\\/\",\"url\":\"https:\\\/\\\/windmuehlenbauer.com\\\/author\\\/jan-mueller\\\/\",\"name\":\"Jan M\u00fcller, Autor im WMB-Magazin\",\"isPartOf\":{\"@id\":\"https:\\\/\\\/windmuehlenbauer.com\\\/en\\\/#website\"},\"description\":\"Impulse f\u00fcr werteorientierte und digitale Unternehmensentwicklung teilen, um etablierten Unternehmen beim Weg durch den digitalen Wandel zu helfen.\",\"breadcrumb\":{\"@id\":\"https:\\\/\\\/windmuehlenbauer.com\\\/author\\\/jan-mueller\\\/#breadcrumb\"},\"inLanguage\":\"en-US\",\"potentialAction\":[{\"@type\":\"ReadAction\",\"target\":[\"https:\\\/\\\/windmuehlenbauer.com\\\/author\\\/jan-mueller\\\/\"]}]},{\"@type\":\"BreadcrumbList\",\"@id\":\"https:\\\/\\\/windmuehlenbauer.com\\\/author\\\/jan-mueller\\\/#breadcrumb\",\"itemListElement\":[{\"@type\":\"ListItem\",\"position\":1,\"name\":\"Startseite\",\"item\":\"https:\\\/\\\/windmuehlenbauer.com\\\/en\\\/peter-pruetting\\\/\"},{\"@type\":\"ListItem\",\"position\":2,\"name\":\"Archive f\u00fcr Jan M\u00fcller\"}]},{\"@type\":\"WebSite\",\"@id\":\"https:\\\/\\\/windmuehlenbauer.com\\\/en\\\/#website\",\"url\":\"https:\\\/\\\/windmuehlenbauer.com\\\/en\\\/\",\"name\":\"Peter Pr\u00fctting\",\"description\":\"Peter Pr\u00fctting\",\"publisher\":{\"@id\":\"https:\\\/\\\/windmuehlenbauer.com\\\/en\\\/#organization\"},\"potentialAction\":[{\"@type\":\"SearchAction\",\"target\":{\"@type\":\"EntryPoint\",\"urlTemplate\":\"https:\\\/\\\/windmuehlenbauer.com\\\/en\\\/?s={search_term_string}\"},\"query-input\":{\"@type\":\"PropertyValueSpecification\",\"valueRequired\":true,\"valueName\":\"search_term_string\"}}],\"inLanguage\":\"en-US\"},{\"@type\":\"Organization\",\"@id\":\"https:\\\/\\\/windmuehlenbauer.com\\\/en\\\/#organization\",\"name\":\"Windmuehlenbauer\",\"url\":\"https:\\\/\\\/windmuehlenbauer.com\\\/en\\\/\",\"logo\":{\"@type\":\"ImageObject\",\"inLanguage\":\"en-US\",\"@id\":\"https:\\\/\\\/windmuehlenbauer.com\\\/en\\\/#\\\/schema\\\/logo\\\/image\\\/\",\"url\":\"https:\\\/\\\/windmuehlenbauer.com\\\/wp-content\\\/uploads\\\/2024\\\/05\\\/wmb-favicon_512px-1.png\",\"contentUrl\":\"https:\\\/\\\/windmuehlenbauer.com\\\/wp-content\\\/uploads\\\/2024\\\/05\\\/wmb-favicon_512px-1.png\",\"width\":512,\"height\":512,\"caption\":\"Windmuehlenbauer\"},\"image\":{\"@id\":\"https:\\\/\\\/windmuehlenbauer.com\\\/en\\\/#\\\/schema\\\/logo\\\/image\\\/\"},\"sameAs\":[\"https:\\\/\\\/www.linkedin.com\\\/in\\\/pruetting-peter\\\/\",\"https:\\\/\\\/www.xing.com\\\/profile\\\/Peter_Pruetting\",\"https:\\\/\\\/www.instagram.com\\\/unternehmens_entwickler\\\/\"]},{\"@type\":\"Person\",\"@id\":\"https:\\\/\\\/windmuehlenbauer.com\\\/en\\\/#\\\/schema\\\/person\\\/7763e8d9591b1d1089a9325b121ffa94\",\"name\":\"Jan M\u00fcller\",\"description\":\"Jan M\u00fcller ist Marketing Manager bei der nexoma GmbH im sauerl\u00e4ndischen Arnsberg. Als ausgebildeter E-Commerce-Kaufmann verf\u00fcgt er \u00fcber umfassende Kenntnisse im Bereich Produktdaten. In seiner Rolle als Partnermanager sorgt er f\u00fcr eine reibungslose Zusammenarbeit zwischen nexoma und seinen Partnern. Dar\u00fcber hinaus schreibt er regelm\u00e4\u00dfig Erkl\u00e4rtexte zu Datenstandards und weiteren Themen des Produktdatenmanagements f\u00fcr die nexoma-Website.\",\"sameAs\":[\"https:\\\/\\\/nexoma.de\\\/\",\"https:\\\/\\\/facebook.com\\\/definitelygerman\",\"https:\\\/\\\/instagram.com\\\/definitelygerman\",\"https:\\\/\\\/www.linkedin.com\\\/in\\\/jan-m\u00fcller-8087a5158\\\/\",\"https:\\\/\\\/www.youtube.com\\\/@DefinitelyGerman\"],\"mainEntityOfPage\":{\"@id\":\"https:\\\/\\\/windmuehlenbauer.com\\\/author\\\/jan-mueller\\\/\"}},false]}<\/script>\n<!-- \/ Yoast SEO plugin. -->","yoast_head_json":{"title":"Jan M\u00fcller, Autor im WMB-Magazin","description":"Impulse f\u00fcr werteorientierte und digitale Unternehmensentwicklung teilen, um etablierten Unternehmen beim Weg durch den digitalen Wandel zu helfen.","robots":{"index":"index","follow":"follow","max-snippet":"max-snippet:-1","max-image-preview":"max-image-preview:large","max-video-preview":"max-video-preview:-1"},"canonical":"https:\/\/windmuehlenbauer.com\/en\/author\/jan-mueller\/","og_locale":"en_US","og_type":"profile","og_title":"Jan M\u00fcller, Autor im WMB-Magazin","og_description":"Impulse f\u00fcr werteorientierte und digitale Unternehmensentwicklung teilen, um etablierten Unternehmen beim Weg durch den digitalen Wandel zu helfen.","og_url":"https:\/\/windmuehlenbauer.com\/author\/jan-mueller\/","og_site_name":"WMB-Magazin","og_image":[{"url":"https:\/\/secure.gravatar.com\/avatar\/3adf47b1dc0cc56a928c9b1c8fe4375d61afff18bf61ba5f2eb79cec8fedf86e?s=500&d=mm&r=g","type":"","width":"","height":""}],"schema":{"@context":"https:\/\/schema.org","@graph":[{"@type":"ProfilePage","@id":"https:\/\/windmuehlenbauer.com\/author\/jan-mueller\/","url":"https:\/\/windmuehlenbauer.com\/author\/jan-mueller\/","name":"Jan M\u00fcller, Autor im WMB-Magazin","isPartOf":{"@id":"https:\/\/windmuehlenbauer.com\/en\/#website"},"description":"Impulse f\u00fcr werteorientierte und digitale Unternehmensentwicklung teilen, um etablierten Unternehmen beim Weg durch den digitalen Wandel zu helfen.","breadcrumb":{"@id":"https:\/\/windmuehlenbauer.com\/author\/jan-mueller\/#breadcrumb"},"inLanguage":"en-US","potentialAction":[{"@type":"ReadAction","target":["https:\/\/windmuehlenbauer.com\/author\/jan-mueller\/"]}]},{"@type":"BreadcrumbList","@id":"https:\/\/windmuehlenbauer.com\/author\/jan-mueller\/#breadcrumb","itemListElement":[{"@type":"ListItem","position":1,"name":"Startseite","item":"https:\/\/windmuehlenbauer.com\/en\/peter-pruetting\/"},{"@type":"ListItem","position":2,"name":"Archive f\u00fcr Jan M\u00fcller"}]},{"@type":"WebSite","@id":"https:\/\/windmuehlenbauer.com\/en\/#website","url":"https:\/\/windmuehlenbauer.com\/en\/","name":"Peter Pr\u00fctting","description":"Peter Pr\u00fctting","publisher":{"@id":"https:\/\/windmuehlenbauer.com\/en\/#organization"},"potentialAction":[{"@type":"SearchAction","target":{"@type":"EntryPoint","urlTemplate":"https:\/\/windmuehlenbauer.com\/en\/?s={search_term_string}"},"query-input":{"@type":"PropertyValueSpecification","valueRequired":true,"valueName":"search_term_string"}}],"inLanguage":"en-US"},{"@type":"Organization","@id":"https:\/\/windmuehlenbauer.com\/en\/#organization","name":"Windmuehlenbauer","url":"https:\/\/windmuehlenbauer.com\/en\/","logo":{"@type":"ImageObject","inLanguage":"en-US","@id":"https:\/\/windmuehlenbauer.com\/en\/#\/schema\/logo\/image\/","url":"https:\/\/windmuehlenbauer.com\/wp-content\/uploads\/2024\/05\/wmb-favicon_512px-1.png","contentUrl":"https:\/\/windmuehlenbauer.com\/wp-content\/uploads\/2024\/05\/wmb-favicon_512px-1.png","width":512,"height":512,"caption":"Windmuehlenbauer"},"image":{"@id":"https:\/\/windmuehlenbauer.com\/en\/#\/schema\/logo\/image\/"},"sameAs":["https:\/\/www.linkedin.com\/in\/pruetting-peter\/","https:\/\/www.xing.com\/profile\/Peter_Pruetting","https:\/\/www.instagram.com\/unternehmens_entwickler\/"]},{"@type":"Person","@id":"https:\/\/windmuehlenbauer.com\/en\/#\/schema\/person\/7763e8d9591b1d1089a9325b121ffa94","name":"Jan M\u00fcller","description":"Jan M\u00fcller ist Marketing Manager bei der nexoma GmbH im sauerl\u00e4ndischen Arnsberg. Als ausgebildeter E-Commerce-Kaufmann verf\u00fcgt er \u00fcber umfassende Kenntnisse im Bereich Produktdaten. In seiner Rolle als Partnermanager sorgt er f\u00fcr eine reibungslose Zusammenarbeit zwischen nexoma und seinen Partnern. Dar\u00fcber hinaus schreibt er regelm\u00e4\u00dfig Erkl\u00e4rtexte zu Datenstandards und weiteren Themen des Produktdatenmanagements f\u00fcr die nexoma-Website.","sameAs":["https:\/\/nexoma.de\/","https:\/\/facebook.com\/definitelygerman","https:\/\/instagram.com\/definitelygerman","https:\/\/www.linkedin.com\/in\/jan-m\u00fcller-8087a5158\/","https:\/\/www.youtube.com\/@DefinitelyGerman"],"mainEntityOfPage":{"@id":"https:\/\/windmuehlenbauer.com\/author\/jan-mueller\/"}},false]}},"_links":{"self":[{"href":"https:\/\/windmuehlenbauer.com\/en\/wp-json\/wp\/v2\/users\/5","targetHints":{"allow":["GET"]}}],"collection":[{"href":"https:\/\/windmuehlenbauer.com\/en\/wp-json\/wp\/v2\/users"}]}}